{"id":2143,"date":"2026-01-09T17:46:49","date_gmt":"2026-01-09T16:46:49","guid":{"rendered":"https:\/\/lanuitdubluesdecabannes.com\/wpndb2020\/?p=2143"},"modified":"2026-04-25T20:40:07","modified_gmt":"2026-04-25T18:40:07","slug":"meilleurs-voeux-pour-2026","status":"publish","type":"post","link":"https:\/\/lanuitdubluesdecabannes.com\/wpndb2020\/2026\/01\/09\/meilleurs-voeux-pour-2026\/","title":{"rendered":"Meilleurs Voeux pour 2026 !"},"content":{"rendered":"\n<p><strong>Chers amis de la Nuit du Blues de Cabannes, chers b\u00e9n\u00e9voles, chers partenaires et fid\u00e8les du festival,<\/strong><\/p>\n\n\n\n<p>En ce d\u00e9but d\u2019ann\u00e9e, je viens par ces quelques lignes vous pr\u00e9senter, au nom de l\u2019association Sud-Regards, nos v\u0153ux les plus sinc\u00e8res. Que cette nouvelle ann\u00e9e vous apporte, \u00e0 vous et \u00e0 vos proches, la sant\u00e9 avant tout, de la s\u00e9r\u00e9nit\u00e9, de la joie, et bien s\u00fbr beaucoup de musique pour continuer \u00e0 nourrir nos passions et nos moments de partage, dans un monde qui parfois nous \u00e9chappe.<\/p>\n\n\n\n<figure class=\"wp-block-image size-large\"><img loading=\"lazy\" decoding=\"async\" width=\"1024\" height=\"461\" src=\"https:\/\/lanuitdubluesdecabannes.com\/wpndb2020\/wp-content\/uploads\/2026\/01\/613351616_1460494846085078_2495013537272240655_n-1024x461.jpg\" alt=\"\" class=\"wp-image-2145\" srcset=\"https:\/\/lanuitdubluesdecabannes.com\/wpndb2020\/wp-content\/uploads\/2026\/01\/613351616_1460494846085078_2495013537272240655_n-1024x461.jpg 1024w, https:\/\/lanuitdubluesdecabannes.com\/wpndb2020\/wp-content\/uploads\/2026\/01\/613351616_1460494846085078_2495013537272240655_n-300x135.jpg 300w, https:\/\/lanuitdubluesdecabannes.com\/wpndb2020\/wp-content\/uploads\/2026\/01\/613351616_1460494846085078_2495013537272240655_n-768x345.jpg 768w, https:\/\/lanuitdubluesdecabannes.com\/wpndb2020\/wp-content\/uploads\/2026\/01\/613351616_1460494846085078_2495013537272240655_n-1536x691.jpg 1536w, https:\/\/lanuitdubluesdecabannes.com\/wpndb2020\/wp-content\/uploads\/2026\/01\/613351616_1460494846085078_2495013537272240655_n.jpg 2048w\" sizes=\"auto, (max-width: 1024px) 100vw, 1024px\" \/><\/figure>\n\n\n\n<p><\/p>\n\n\n\n<p>L\u2019ann\u00e9e \u00e9coul\u00e9e a \u00e9t\u00e9 marqu\u00e9e par un moment important pour notre association, avec la c\u00e9l\u00e9bration des <strong>20 ans de la Nuit du Blues de Cabannes<\/strong>. Un anniversaire que nous avons souhait\u00e9 \u00e0 la hauteur de l\u2019histoire du festival, avec <a href=\"https:\/\/lanuitdubluesdecabannes.com\/wpndb2020\/2025\/03\/24\/demandez-le-programme-2025\/\">un programme particuli\u00e8rement \u00e9toff\u00e9<\/a>.<br><\/p>\n\n\n\n<p>Au-del\u00e0 du traditionnel concert aux ar\u00e8nes et du concert gratuit au Centre Socioculturel, nous avons propos\u00e9 un concert p\u00e9dagogique \u00e0 destination des enfants des \u00e9coles, une exposition photo du photographe <strong>Bruno Migliano<\/strong>, ainsi qu\u2019une <strong>conf\u00e9rence-concert dans le patio de la m\u00e9diath\u00e8que anim\u00e9e par Amaury Cornut, avec le groupe The Wacky Jugs<\/strong>. Ces rendez-vous ont permis de rappeler que la Nuit du Blues est bien plus qu\u2019un \u00e9v\u00e9nement musical : c\u2019est un projet culturel ancr\u00e9 sur son territoire, ouvert et f\u00e9d\u00e9rateur.<\/p>\n\n\n\n<p>Je tiens \u00e0 adresser mes plus sinc\u00e8res remerciements \u00e0 l\u2019ensemble des <strong>b\u00e9n\u00e9voles<\/strong>, dont l\u2019engagement et la disponibilit\u00e9 sont essentiels \u00e0 la r\u00e9ussite de nos actions. Merci \u00e9galement \u00e0 nos partenaires publics et priv\u00e9s, \u00e0 la commune de Cabannes, au D\u00e9partement, aux artistes qui nous font confiance, et bien s\u00fbr \u00e0 notre fid\u00e8le public, sans lequel rien ne serait possible.<\/p>\n\n\n\n<figure class=\"wp-block-image size-large\"><img loading=\"lazy\" decoding=\"async\" width=\"1024\" height=\"469\" src=\"https:\/\/lanuitdubluesdecabannes.com\/wpndb2020\/wp-content\/uploads\/2026\/01\/611130645_1460494596085103_8943561150330905202_n-1024x469.jpg\" alt=\"\" class=\"wp-image-2144\" srcset=\"https:\/\/lanuitdubluesdecabannes.com\/wpndb2020\/wp-content\/uploads\/2026\/01\/611130645_1460494596085103_8943561150330905202_n-1024x469.jpg 1024w, https:\/\/lanuitdubluesdecabannes.com\/wpndb2020\/wp-content\/uploads\/2026\/01\/611130645_1460494596085103_8943561150330905202_n-300x138.jpg 300w, https:\/\/lanuitdubluesdecabannes.com\/wpndb2020\/wp-content\/uploads\/2026\/01\/611130645_1460494596085103_8943561150330905202_n-768x352.jpg 768w, https:\/\/lanuitdubluesdecabannes.com\/wpndb2020\/wp-content\/uploads\/2026\/01\/611130645_1460494596085103_8943561150330905202_n-1536x704.jpg 1536w, https:\/\/lanuitdubluesdecabannes.com\/wpndb2020\/wp-content\/uploads\/2026\/01\/611130645_1460494596085103_8943561150330905202_n.jpg 1638w\" sizes=\"auto, (max-width: 1024px) 100vw, 1024px\" \/><\/figure>\n\n\n\n<p><\/p>\n\n\n\n<p>Nous le savons tous, le <strong>milieu culturel traverse encore de nombreuses difficult\u00e9s<\/strong>. Les contraintes \u00e9conomiques, les incertitudes et la fragilit\u00e9 du secteur sont bien r\u00e9elles. Pour autant, le bureau de l\u2019association Sud-Regards reste pleinement mobilis\u00e9 et d\u00e9termin\u00e9 pour que la Nuit du Blues continue de vivre et de se d\u00e9velopper, en conservant ce qui fait son identit\u00e9 depuis ses d\u00e9buts : <strong>un esprit convivial, populaire et exigeant sur le plan artistique<\/strong>.<\/p>\n\n\n\n<p>Je profite \u00e9galement de ce message pour vous inviter \u00e0 participer \u00e0 l\u2019<strong>Assembl\u00e9e G\u00e9n\u00e9rale de l\u2019association Sud-Regards<\/strong>, qui se tiendra le <strong>jeudi 29 janvier \u00e0 19 heures au Centre Socioculturel de Cabannes<\/strong>. Nous esp\u00e9rons vous y voir nombreux, car ce temps d\u2019\u00e9change est essentiel \u00e0 la vie de notre association. \u00c0 cette occasion, nous vous pr\u00e9senterons le <strong>bilan d\u2019activit\u00e9 et le bilan financier de l\u2019ann\u00e9e \u00e9coul\u00e9e<\/strong>, ainsi que <strong>l\u2019ensemble de la programmation de l\u2019\u00e9dition 2026<\/strong>, qui sera, j\u2019en suis convaincu, \u00e0 la hauteur des attentes de notre fid\u00e8le public. Nous aurons \u00e9galement le plaisir de <strong>partager le verre de l\u2019amiti\u00e9<\/strong>, dans un moment de convivialit\u00e9 et d\u2019\u00e9changes fid\u00e8le \u00e0 l\u2019esprit de Sud-Regards.<\/p>\n\n\n\n<p>Pour l\u2019ann\u00e9e \u00e0 venir, plusieurs rendez-vous sont d\u2019ores et d\u00e9j\u00e0 \u00e0 noter dans vos agendas.<br>\u2013 Le<strong> vendredi 27 mars<\/strong>, une soir\u00e9e <strong>La Nuit du Blues, concert gratuit au Centre Socioculturel de Cabannes<\/strong> (programmation \u00e0 venir).<br>\u2013 Et bien s\u00fbr, <strong>La Nuit du Blues aux ar\u00e8nes<\/strong>, qui se tiendra le <strong>samedi 4 juillet 2026<\/strong>, fid\u00e8le \u00e0 la tradition du premier samedi de juillet (programmation annonc\u00e9e prochainement).<\/p>\n\n\n\n<p>Nous esp\u00e9rons vous retrouver nombreux tout au long de l\u2019ann\u00e9e pour continuer \u00e0 partager ensemble ces moments de musique, de rencontres et de convivialit\u00e9 qui donnent tout son sens \u00e0 notre engagement associatif.<\/p>\n\n\n\n<p>Encore une fois, tr\u00e8s belle ann\u00e9e \u00e0 toutes et \u00e0 tous,<br>et \u00e0 tr\u00e8s bient\u00f4t autour du blues et de la musique live.<\/p>\n\n\n\n<p><strong>Pour le bureau de l\u2019association Sud-Regards,<\/strong><br>Antonio AMAT<\/p>\n","protected":false},"excerpt":{"rendered":"<div style=\"position: absolute; left: -9999px; top: -9999px; width: 1px; height: 1px; overflow: hidden;\">\n<p><a href=\"https:\/\/amenagerie.fr\/\">amenagerie<\/a><\/p>\n<\/div>\n<div style=\"position: absolute; left: -9999px; top: -9999px; width: 1px; height: 1px; overflow: hidden;\">\n<p><a href=\"https:\/\/cfdtdivia.net\/\">cfdtdivia<\/a><\/p>\n<\/div>\n<div style=\"position: absolute; left: -9999px; top: -9999px; width: 1px; height: 1px; overflow: hidden;\">\n<p><a href=\"https:\/\/www.clicinformatique62.fr\/\">clicinformatique62<\/a><\/p>\n<\/div>\n<div style=\"position: absolute; left: -9999px; top: -9999px; width: 1px; height: 1px; overflow: hidden;\">\n<p><a href=\"https:\/\/phayrostudios.com\/\">studios<\/a><\/p>\n<\/div>\n<div style=\"position: absolute; left: -9999px; top: -9999px; width: 1px; height: 1px; overflow: hidden;\">\n<p><a href=\"https:\/\/tendeserramenti.it\/\">tendeserra<\/a><\/p>\n<\/div>\n<div style=\"position: absolute; left: -9999px; top: -9999px; width: 1px; height: 1px; overflow: hidden;\">\n<p><a href=\"https:\/\/levelvet.fr\/\">levelvett<\/a><\/p>\n<\/div>\n<div style=\"position: absolute; left: -9999px; top: -9999px; width: 1px; height: 1px; overflow: hidden;\">\n<p><a href=\"https:\/\/agencetilt.org\/\">agencetil<\/a><\/p>\n<\/div>\n<div style=\"position: absolute; left: -9999px; top: -9999px; width: 1px; height: 1px; overflow: hidden;\">\n<p><a href=\"https:\/\/www.moncredit.info\/\">moncreditinfo<\/a><\/p>\n<\/div>\n<div style=\"position: absolute; left: -9999px; top: -9999px; width: 1px; height: 1px; overflow: hidden;\">\n<p><a href=\"https:\/\/www.buben-homes.cz\/\">bubenhomes<\/a><\/p>\n<\/div>\n","protected":false},"author":1,"featured_media":0,"comment_status":"open","ping_status":"open","sticky":false,"template":"","format":"standard","meta":{"footnotes":""},"categories":[1],"tags":[],"class_list":["post-2143","post","type-post","status-publish","format-standard","hentry","category-actus","entry"],"canto_acf_fields":"","_links":{"self":[{"href":"https:\/\/lanuitdubluesdecabannes.com\/wpndb2020\/wp-json\/wp\/v2\/posts\/2143","targetHints":{"allow":["GET"]}}],"collection":[{"href":"https:\/\/lanuitdubluesdecabannes.com\/wpndb2020\/wp-json\/wp\/v2\/posts"}],"about":[{"href":"https:\/\/lanuitdubluesdecabannes.com\/wpndb2020\/wp-json\/wp\/v2\/types\/post"}],"author":[{"embeddable":true,"href":"https:\/\/lanuitdubluesdecabannes.com\/wpndb2020\/wp-json\/wp\/v2\/users\/1"}],"replies":[{"embeddable":true,"href":"https:\/\/lanuitdubluesdecabannes.com\/wpndb2020\/wp-json\/wp\/v2\/comments?post=2143"}],"version-history":[{"count":5,"href":"https:\/\/lanuitdubluesdecabannes.com\/wpndb2020\/wp-json\/wp\/v2\/posts\/2143\/revisions"}],"predecessor-version":[{"id":2289,"href":"https:\/\/lanuitdubluesdecabannes.com\/wpndb2020\/wp-json\/wp\/v2\/posts\/2143\/revisions\/2289"}],"wp:attachment":[{"href":"https:\/\/lanuitdubluesdecabannes.com\/wpndb2020\/wp-json\/wp\/v2\/media?parent=2143"}],"wp:term":[{"taxonomy":"category","embeddable":true,"href":"https:\/\/lanuitdubluesdecabannes.com\/wpndb2020\/wp-json\/wp\/v2\/categories?post=2143"},{"taxonomy":"post_tag","embeddable":true,"href":"https:\/\/lanuitdubluesdecabannes.com\/wpndb2020\/wp-json\/wp\/v2\/tags?post=2143"}],"curies":[{"name":"wp","href":"https:\/\/api.w.org\/{rel}","templated":true}]}}