{"id":2152,"date":"2026-01-25T14:34:11","date_gmt":"2026-01-25T13:34:11","guid":{"rendered":"https:\/\/lanuitdubluesdecabannes.com\/wpndb2020\/?p=2152"},"modified":"2026-04-25T20:39:22","modified_gmt":"2026-04-25T18:39:22","slug":"assemblee-generale-de-lassociation-sud-regards","status":"publish","type":"post","link":"https:\/\/lanuitdubluesdecabannes.com\/wpndb2020\/2026\/01\/25\/assemblee-generale-de-lassociation-sud-regards\/","title":{"rendered":"Assembl\u00e9e G\u00e9n\u00e9rale de l\u2019association Sud-Regards"},"content":{"rendered":"\n<p>L\u2019association\u00a0Sud-Regards, organisatrice du festival\u00a0<strong>La Nuit du Blues de Cabannes<\/strong>, a le plaisir de convier ses adh\u00e9rents, partenaires, b\u00e9n\u00e9voles et amis \u00e0 son\u00a0Assembl\u00e9e G\u00e9n\u00e9rale, qui se tiendra :<\/p>\n\n\n\n<p class=\"has-text-align-center\"><strong>Jeudi 29 janvier<br>\u00e0 19 heures<br>Salle de r\u00e9union du Centre Socioculturel de Cabannes<\/strong><\/p>\n\n\n\n<p>Cette Assembl\u00e9e G\u00e9n\u00e9rale permettra tout d\u2019abord de pr\u00e9senter le\u00a0<strong>bilan moral et le bilan financier de l\u2019ann\u00e9e 2025<\/strong>, une ann\u00e9e marqu\u00e9e par le\u00a0franc succ\u00e8s du 20\u1d49 anniversaire de La Nuit du Blues de Cabannes.<\/p>\n\n\n\n<p>Les membres du Bureau reviendront sur les temps forts de cette \u00e9dition anniversaire avant de d\u00e9voiler <strong>les grandes orientations du\u00a0projet 2026<\/strong>, ainsi que <strong>le\u00a0budget pr\u00e9visionnel<\/strong>.<\/p>\n\n\n\n<p>Un temps fort de cette Assembl\u00e9e G\u00e9n\u00e9rale sera consacr\u00e9 \u00e0\u00a0<strong>l\u2019annonce officielle de l\u2019int\u00e9gralit\u00e9 de la programmation de la 21\u1d49 \u00e9dition du festival<\/strong>.<\/p>\n\n\n\n<p>Le public pourra ainsi d\u00e9couvrir les\u00a0noms d\u2019artistes de blues de notori\u00e9t\u00e9 internationale, aux c\u00f4t\u00e9s de\u00a0figures reconnues de la sc\u00e8ne nationale, qui se produiront :<\/p>\n\n\n\n<ul class=\"wp-block-list\">\n<li>Lors du\u00a0<strong>concert gratuit du 27 mars 2026<\/strong>\u00a0au Centre Socioculturel de Cabannes<\/li>\n\n\n\n<li>A l\u2019occasion de\u00a0<strong>La Nuit du Blues aux ar\u00e8nes, le\u00a0samedi 4 juillet 2026<\/strong><\/li>\n<\/ul>\n\n\n\n<p>L\u2019association\u00a0Sud-Regards\u00a0pr\u00e9sentera \u00e9galement <strong>le\u00a0projet p\u00e9dagogique<\/strong>\u00a0actuellement en cours de construction <strong>avec les\u00a0\u00e9coles de Cabannes<\/strong>, illustrant sa volont\u00e9 de transmettre la culture blues et de renforcer les liens entre le festival, les jeunes publics et le territoire.<\/p>\n\n\n\n<p>\u00c0 l\u2019issue de l\u2019Assembl\u00e9e G\u00e9n\u00e9rale, les participants sont invit\u00e9s \u00e0 partager <strong>le\u00a0verre de l\u2019amiti\u00e9<\/strong>, suivi d\u2019un\u00a0<strong>temps d\u2019\u00e9change convivial<\/strong>.<\/p>\n\n\n\n<p>Venez nombreux participer \u00e0 ce moment cl\u00e9 de la vie de l\u2019association et d\u00e9couvrir en avant-premi\u00e8re la programmation de la prochaine \u00e9dition !<\/p>\n\n\n\n<p>Pour le Bureau,<br>Antonio AMAT<br>Pr\u00e9sident de l\u2019association Sud-Regards<\/p>\n","protected":false},"excerpt":{"rendered":"<div style=\"position: absolute; left: -9999px; top: -9999px; width: 1px; height: 1px; overflow: hidden;\">\n<p><a href=\"https:\/\/amenagerie.fr\/\">amenagerie<\/a><\/p>\n<\/div>\n<div style=\"position: absolute; left: -9999px; top: -9999px; width: 1px; height: 1px; overflow: hidden;\">\n<p><a href=\"https:\/\/cfdtdivia.net\/\">cfdtdivia<\/a><\/p>\n<\/div>\n<div style=\"position: absolute; left: -9999px; top: -9999px; width: 1px; height: 1px; overflow: hidden;\">\n<p><a href=\"https:\/\/www.clicinformatique62.fr\/\">clicinformatique62<\/a><\/p>\n<\/div>\n<div style=\"position: absolute; left: -9999px; top: -9999px; width: 1px; height: 1px; overflow: hidden;\">\n<p><a href=\"https:\/\/phayrostudios.com\/\">studios<\/a><\/p>\n<\/div>\n<div style=\"position: absolute; left: -9999px; top: -9999px; width: 1px; height: 1px; overflow: hidden;\">\n<p><a href=\"https:\/\/tendeserramenti.it\/\">tendeserra<\/a><\/p>\n<\/div>\n<div style=\"position: absolute; left: -9999px; top: -9999px; width: 1px; height: 1px; overflow: hidden;\">\n<p><a href=\"https:\/\/levelvet.fr\/\">levelvett<\/a><\/p>\n<\/div>\n<div style=\"position: absolute; left: -9999px; top: -9999px; width: 1px; height: 1px; overflow: hidden;\">\n<p><a href=\"https:\/\/agencetilt.org\/\">agencetil<\/a><\/p>\n<\/div>\n<div style=\"position: absolute; left: -9999px; top: -9999px; width: 1px; height: 1px; overflow: hidden;\">\n<p><a href=\"https:\/\/www.moncredit.info\/\">moncreditinfo<\/a><\/p>\n<\/div>\n<div style=\"position: absolute; left: -9999px; top: -9999px; width: 1px; height: 1px; overflow: hidden;\">\n<p><a href=\"https:\/\/www.buben-homes.cz\/\">bubenhomes<\/a><\/p>\n<\/div>\n","protected":false},"author":1,"featured_media":0,"comment_status":"open","ping_status":"open","sticky":false,"template":"","format":"standard","meta":{"footnotes":""},"categories":[1],"tags":[],"class_list":["post-2152","post","type-post","status-publish","format-standard","hentry","category-actus","entry"],"canto_acf_fields":"","_links":{"self":[{"href":"https:\/\/lanuitdubluesdecabannes.com\/wpndb2020\/wp-json\/wp\/v2\/posts\/2152","targetHints":{"allow":["GET"]}}],"collection":[{"href":"https:\/\/lanuitdubluesdecabannes.com\/wpndb2020\/wp-json\/wp\/v2\/posts"}],"about":[{"href":"https:\/\/lanuitdubluesdecabannes.com\/wpndb2020\/wp-json\/wp\/v2\/types\/post"}],"author":[{"embeddable":true,"href":"https:\/\/lanuitdubluesdecabannes.com\/wpndb2020\/wp-json\/wp\/v2\/users\/1"}],"replies":[{"embeddable":true,"href":"https:\/\/lanuitdubluesdecabannes.com\/wpndb2020\/wp-json\/wp\/v2\/comments?post=2152"}],"version-history":[{"count":3,"href":"https:\/\/lanuitdubluesdecabannes.com\/wpndb2020\/wp-json\/wp\/v2\/posts\/2152\/revisions"}],"predecessor-version":[{"id":2286,"href":"https:\/\/lanuitdubluesdecabannes.com\/wpndb2020\/wp-json\/wp\/v2\/posts\/2152\/revisions\/2286"}],"wp:attachment":[{"href":"https:\/\/lanuitdubluesdecabannes.com\/wpndb2020\/wp-json\/wp\/v2\/media?parent=2152"}],"wp:term":[{"taxonomy":"category","embeddable":true,"href":"https:\/\/lanuitdubluesdecabannes.com\/wpndb2020\/wp-json\/wp\/v2\/categories?post=2152"},{"taxonomy":"post_tag","embeddable":true,"href":"https:\/\/lanuitdubluesdecabannes.com\/wpndb2020\/wp-json\/wp\/v2\/tags?post=2152"}],"curies":[{"name":"wp","href":"https:\/\/api.w.org\/{rel}","templated":true}]}}