{"id":2176,"date":"2026-02-04T11:49:39","date_gmt":"2026-02-04T10:49:39","guid":{"rendered":"https:\/\/lanuitdubluesdecabannes.com\/wpndb2020\/?p=2176"},"modified":"2026-04-25T20:39:50","modified_gmt":"2026-04-25T18:39:50","slug":"concert-gratuit-vendredi-27-mars-2026-a-19h","status":"publish","type":"post","link":"https:\/\/lanuitdubluesdecabannes.com\/wpndb2020\/2026\/02\/04\/concert-gratuit-vendredi-27-mars-2026-a-19h\/","title":{"rendered":"Concert gratuit Vendredi 27 Mars 2026 \u00e0 19h"},"content":{"rendered":"\n<p>Pour <strong>2026<\/strong>,\u00a0 Nous vous donnons rendez-vous le <strong>27 mars <\/strong>au Centre Socioculturel \u00e0 partir de <strong>19 heures <\/strong>pour ce concert qui lancera la 21\u00e8me \u00e9dition de La Nuit du Blues de Cabannes. Cette soir\u00e9e sera gratuite. Nous esp\u00e9rons la venue en grand nombre des Cabannaises et Cabannais et plus largement d\u2019un public amateur de blues.<\/p>\n\n\n\n<p>Nous aurons le plaisir d\u2019accueillir deux groupes :<\/p>\n\n\n\n<p><strong>St\u00e9phane Portelli Trio (FR)<\/strong> : Musicien autodidacte r\u00e9gional, Il a effectu\u00e9 plus de 400 concerts dans toute la France et au Qu\u00e9bec, il revient en Power Trio nous pr\u00e9senter son nouvel album \u2018\u2019Une Ronde Vertueuse\u2019\u2019, m\u00ealant le Rock, le Blues et la Pop.\u00a0<\/p>\n\n\n\n<ul class=\"wp-block-list\">\n<li>St\u00e9phane Portelli : chant, guitares, auteur-compositeur<\/li>\n\n\n\n<li>Val\u00e9rie Rodriguez : basse, choeurs<\/li>\n\n\n\n<li>Vincent Declercq : batterie, choeurs\u00a0<\/li>\n<\/ul>\n\n\n\n<p>En deuxi\u00e8me partie de soir\u00e9e, nous accueillerons le groupe <strong>Peter Karp Band (USA)<\/strong>.&nbsp;<\/p>\n\n\n\n<p>Originaire d\u2019Alabama, <strong>Peter Karp<\/strong> joue une musique roots\/blues influenc\u00e9 par la soul que l\u2019Artiste d\u00e9signe comme \u00abrock Americana-Blues.\u00bb\u00a0<\/p>\n\n\n\n<p><strong>PeterKarp<\/strong> est un musicien\u00a0 singulier qui\u00a0 imite la puissance et l\u2019\u00e2me de Springsteen, Jerry Lee Lewis et Otis Redding, en pr\u00e9sentant l\u2019un des spectacles les plus divertissants que vous ayez vus.<\/p>\n\n\n\n<p><strong><em>Notre prochain rendez-vous se tiendra le 4 juillet \u00e0 partir de 19h pour le grand concert de la 21<\/em><\/strong><strong><em>\u00e8me<\/em><\/strong><strong><em>Nuit du Blues de Cabannes aux Ar\u00e8nes Municipales.<\/em><\/strong><\/p>\n","protected":false},"excerpt":{"rendered":"<div style=\"position: absolute; left: -9999px; top: -9999px; width: 1px; height: 1px; overflow: hidden;\">\n<p><a href=\"https:\/\/amenagerie.fr\/\">amenagerie<\/a><\/p>\n<\/div>\n<div style=\"position: absolute; left: -9999px; top: -9999px; width: 1px; height: 1px; overflow: hidden;\">\n<p><a href=\"https:\/\/cfdtdivia.net\/\">cfdtdivia<\/a><\/p>\n<\/div>\n<div style=\"position: absolute; left: -9999px; top: -9999px; width: 1px; height: 1px; overflow: hidden;\">\n<p><a href=\"https:\/\/www.clicinformatique62.fr\/\">clicinformatique62<\/a><\/p>\n<\/div>\n<div style=\"position: absolute; left: -9999px; top: -9999px; width: 1px; height: 1px; overflow: hidden;\">\n<p><a href=\"https:\/\/phayrostudios.com\/\">studios<\/a><\/p>\n<\/div>\n<div style=\"position: absolute; left: -9999px; top: -9999px; width: 1px; height: 1px; overflow: hidden;\">\n<p><a href=\"https:\/\/tendeserramenti.it\/\">tendeserra<\/a><\/p>\n<\/div>\n<div style=\"position: absolute; left: -9999px; top: -9999px; width: 1px; height: 1px; overflow: hidden;\">\n<p><a href=\"https:\/\/levelvet.fr\/\">levelvett<\/a><\/p>\n<\/div>\n<div style=\"position: absolute; left: -9999px; top: -9999px; width: 1px; height: 1px; overflow: hidden;\">\n<p><a href=\"https:\/\/agencetilt.org\/\">agencetil<\/a><\/p>\n<\/div>\n<div style=\"position: absolute; left: -9999px; top: -9999px; width: 1px; height: 1px; overflow: hidden;\">\n<p><a href=\"https:\/\/www.moncredit.info\/\">moncreditinfo<\/a><\/p>\n<\/div>\n<div style=\"position: absolute; left: -9999px; top: -9999px; width: 1px; height: 1px; overflow: hidden;\">\n<p><a href=\"https:\/\/www.buben-homes.cz\/\">bubenhomes<\/a><\/p>\n<\/div>\n","protected":false},"author":1,"featured_media":0,"comment_status":"open","ping_status":"open","sticky":false,"template":"","format":"standard","meta":{"footnotes":""},"categories":[1],"tags":[],"class_list":["post-2176","post","type-post","status-publish","format-standard","hentry","category-actus","entry"],"canto_acf_fields":"","_links":{"self":[{"href":"https:\/\/lanuitdubluesdecabannes.com\/wpndb2020\/wp-json\/wp\/v2\/posts\/2176","targetHints":{"allow":["GET"]}}],"collection":[{"href":"https:\/\/lanuitdubluesdecabannes.com\/wpndb2020\/wp-json\/wp\/v2\/posts"}],"about":[{"href":"https:\/\/lanuitdubluesdecabannes.com\/wpndb2020\/wp-json\/wp\/v2\/types\/post"}],"author":[{"embeddable":true,"href":"https:\/\/lanuitdubluesdecabannes.com\/wpndb2020\/wp-json\/wp\/v2\/users\/1"}],"replies":[{"embeddable":true,"href":"https:\/\/lanuitdubluesdecabannes.com\/wpndb2020\/wp-json\/wp\/v2\/comments?post=2176"}],"version-history":[{"count":3,"href":"https:\/\/lanuitdubluesdecabannes.com\/wpndb2020\/wp-json\/wp\/v2\/posts\/2176\/revisions"}],"predecessor-version":[{"id":2288,"href":"https:\/\/lanuitdubluesdecabannes.com\/wpndb2020\/wp-json\/wp\/v2\/posts\/2176\/revisions\/2288"}],"wp:attachment":[{"href":"https:\/\/lanuitdubluesdecabannes.com\/wpndb2020\/wp-json\/wp\/v2\/media?parent=2176"}],"wp:term":[{"taxonomy":"category","embeddable":true,"href":"https:\/\/lanuitdubluesdecabannes.com\/wpndb2020\/wp-json\/wp\/v2\/categories?post=2176"},{"taxonomy":"post_tag","embeddable":true,"href":"https:\/\/lanuitdubluesdecabannes.com\/wpndb2020\/wp-json\/wp\/v2\/tags?post=2176"}],"curies":[{"name":"wp","href":"https:\/\/api.w.org\/{rel}","templated":true}]}}