{"id":2230,"date":"2026-04-25T19:51:32","date_gmt":"2026-04-25T17:51:32","guid":{"rendered":"https:\/\/lanuitdubluesdecabannes.com\/wpndb2020\/?p=2230"},"modified":"2026-04-25T19:53:51","modified_gmt":"2026-04-25T17:53:51","slug":"la-nuit-du-blues-de-cabannes-2026","status":"publish","type":"post","link":"https:\/\/lanuitdubluesdecabannes.com\/wpndb2020\/2026\/04\/25\/la-nuit-du-blues-de-cabannes-2026\/","title":{"rendered":"La 21\u00e8me Nuit du Blues de Cabannes 2026"},"content":{"rendered":"\n<p>L\u2019association Sud-Regards organise depuis 2005 le festival <strong>La Nuit du Blues de Cabannes<\/strong>.<\/p>\n\n\n\n<p>Le concert gratuit a eu lieu le 27 Mars au centre socio culturel, avec les bluesmen <strong>St\u00e9phane Portelli et Peter Karp.<\/strong> Cette soir\u00e9e a connu un beau succ\u00e8s.<\/p>\n\n\n\n<p>Le vendredi 03 juillet, les enfants des classes de CM2\/CM1 des \u00e9coles primaires de Cabannes auront le plaisir de clore l\u2019ann\u00e9e scolaire avec une apr\u00e8s-midi d\u00e9di\u00e9e au Blues. Un spectacle musical et th\u00e9\u00e2tral qui raconte l\u2019histoire du Blues autour d\u2019un personnage imaginaire: <strong>Willy Blues. <\/strong>Ce spectacle permet d\u2019aborder les th\u00e8mes de la diff\u00e9rence et de l\u2019\u00e9galit\u00e9 par l\u2019\u00e9vocation de l\u2019esclavage et de la s\u00e9gr\u00e9gation aux Etats Unis au travers de la musique.<\/p>\n\n\n\n<p>Le samedi 04 juillet \u00e0 partir de 19 heures aux Ar\u00e8nes de Cabannes, aura lieu l\u2019\u00e9v\u00e8nement majeur du festival. Quatre groupes de renomm\u00e9e internationale et de styles diff\u00e9rents se succ\u00e8deront sur sc\u00e8ne. <\/p>\n\n\n\n<p>Ce sera le quatuor <strong>Blues Fiction<\/strong> qui accueillera le public d\u00e8s l&rsquo;ouverture et durant les inter-sc\u00e8nes. Sur la grande sc\u00e8ne le groupe <strong>Joharpo<\/strong> lancera la soir\u00e9e, suivi de l&rsquo;Am\u00e9ricain <strong>Elliott Murphy <\/strong>(qui \u00e9tait pass\u00e9 \u00e0 Cabannes en 2013) et pour conclure ce sera <strong>Bernard Allison <\/strong>qui nous enchantera avec son r\u00e9pertoire Blues Rock !<\/p>\n","protected":false},"excerpt":{"rendered":"<p>L\u2019association Sud-Regards organise depuis 2005 le festival La Nuit du Blues de Cabannes. Le concert gratuit a eu lieu le 27 Mars au centre socio culturel, avec les bluesmen St\u00e9phane Portelli et Peter Karp. Cette soir\u00e9e a connu un beau &hellip; <\/p>\n<div class=\"read-more\"><a href=\"https:\/\/lanuitdubluesdecabannes.com\/wpndb2020\/2026\/04\/25\/la-nuit-du-blues-de-cabannes-2026\/\" class=\"more-link\">Read More<\/a><\/div>\n","protected":false},"author":1,"featured_media":0,"comment_status":"open","ping_status":"open","sticky":true,"template":"","format":"standard","meta":{"footnotes":""},"categories":[1],"tags":[],"class_list":["post-2230","post","type-post","status-publish","format-standard","hentry","category-actus","entry"],"canto_acf_fields":"","_links":{"self":[{"href":"https:\/\/lanuitdubluesdecabannes.com\/wpndb2020\/wp-json\/wp\/v2\/posts\/2230","targetHints":{"allow":["GET"]}}],"collection":[{"href":"https:\/\/lanuitdubluesdecabannes.com\/wpndb2020\/wp-json\/wp\/v2\/posts"}],"about":[{"href":"https:\/\/lanuitdubluesdecabannes.com\/wpndb2020\/wp-json\/wp\/v2\/types\/post"}],"author":[{"embeddable":true,"href":"https:\/\/lanuitdubluesdecabannes.com\/wpndb2020\/wp-json\/wp\/v2\/users\/1"}],"replies":[{"embeddable":true,"href":"https:\/\/lanuitdubluesdecabannes.com\/wpndb2020\/wp-json\/wp\/v2\/comments?post=2230"}],"version-history":[{"count":2,"href":"https:\/\/lanuitdubluesdecabannes.com\/wpndb2020\/wp-json\/wp\/v2\/posts\/2230\/revisions"}],"predecessor-version":[{"id":2232,"href":"https:\/\/lanuitdubluesdecabannes.com\/wpndb2020\/wp-json\/wp\/v2\/posts\/2230\/revisions\/2232"}],"wp:attachment":[{"href":"https:\/\/lanuitdubluesdecabannes.com\/wpndb2020\/wp-json\/wp\/v2\/media?parent=2230"}],"wp:term":[{"taxonomy":"category","embeddable":true,"href":"https:\/\/lanuitdubluesdecabannes.com\/wpndb2020\/wp-json\/wp\/v2\/categories?post=2230"},{"taxonomy":"post_tag","embeddable":true,"href":"https:\/\/lanuitdubluesdecabannes.com\/wpndb2020\/wp-json\/wp\/v2\/tags?post=2230"}],"curies":[{"name":"wp","href":"https:\/\/api.w.org\/{rel}","templated":true}]}}